{"id":3707,"date":"2020-11-12T14:27:01","date_gmt":"2020-11-12T19:27:01","guid":{"rendered":"https:\/\/imaportal.co\/?p=3707"},"modified":"2020-11-12T15:20:59","modified_gmt":"2020-11-12T20:20:59","slug":"dia-mundial-de-la-diabetes-2020","status":"publish","type":"post","link":"https:\/\/www.imaportal.co\/ecommerce_imaportal\/dia-mundial-de-la-diabetes-2020\/","title":{"rendered":"D\u00eda Mundial de la Diabetes &#8211; 14 Noviembre"},"content":{"rendered":"<p>[vc_row][vc_column][vc_column_text hidden_markup_01=\u00bb\u00bb ovic_custom_id=\u00bbovic_custom_5fad992b924d8&#8243; hidden_markup_desktop=\u00bb\u00bb hidden_markup_laptop=\u00bb\u00bb hidden_markup_tablet=\u00bb\u00bb hidden_markup_ipad=\u00bb\u00bb hidden_markup_mobile=\u00bb\u00bb]Se cre\u00f3 en 1991 como medio para aumentar la concienciaci\u00f3n global sobre la diabetes. Es una oportunidad perfecta para dirigir la atenci\u00f3n del p\u00fablico hacia las causas, s\u00edntomas, complicaciones y tratamiento de esta grave afecci\u00f3n, que se encuentra en constante aumento en todo el mundo.[\/vc_column_text][\/vc_column][\/vc_row][vc_row][vc_column][vc_column_text ovic_custom_id=\u00bbovic_custom_5fad992b924dc\u00bb]Fue instaurado por la Federaci\u00f3n Internacional de Diabetes (FID) y la Organizaci\u00f3n Mundial de la Salud (OMS) en 1991, como respuesta al alarmante aumento de los casos de diabetes en el mundo. En 2007, Naciones Unidas celebr\u00f3 por primera vez este d\u00eda tras la aprobaci\u00f3n de la Resoluci\u00f3n en diciembre de 2006 del D\u00eda Mundial de la Diabetes, lo que convirti\u00f3 al ya existente D\u00eda Mundial de la Diabetes en un d\u00eda oficial de la salud de la ONU.<\/p>\n<p>Su prop\u00f3sito es dar a conocer las causas, los s\u00edntomas, el tratamiento y las complicaciones asociadas a la enfermedad. El D\u00eda Mundial de la Diabetes nos recuerda que la\u00a0<abbr class=\"termino\" style=\"box-sizing: border-box; border-bottom: 1px dotted #777777; cursor: help;\" title=\"\" data-placement=\"bottom\" data-content=\"&lt;p&gt;Es una palabra que en epidemiolog\u00eda se refiera a la proporci\u00f3n de personas, previamente sanas para esta patolog\u00eda, que desarrollan la enfermedad en una poblaci\u00f3n determinada y durante un periodo determinado, generalmente un a\u00f1o.&lt;\/p&gt;\" data-original-title=\"incidencia\">incidencia<\/abbr>\u00a0de esta grave afecci\u00f3n se halla en aumento y continuar\u00e1 esta tendencia a no ser que emprendamos acciones desde ahora para prevenir este enorme crecimiento.[\/vc_column_text][\/vc_column][\/vc_row][vc_row ovic_custom_id=\u00bbovic_custom_5fad992b924de\u00bb css_desktop=\u00bb.vc_custom_1573688020136{margin-top: 20px !important;margin-bottom: 20px !important;}\u00bb][vc_column][vc_column_text ovic_custom_id=\u00bbovic_custom_5fad992b924e0&#8243;]<\/p>\n<h2>\u00bfCu\u00e1ndo se celebra?<\/h2>\n<p>El D\u00eda Mundial de la Diabetes se celebra cada a\u00f1o el 14 de noviembre. Se escogi\u00f3 esta fecha siendo el aniversario de Frederick Banting quien, junto con Charles Best, concibi\u00f3 la idea que les conducir\u00eda al descubrimiento de la\u00a0<abbr class=\"termino\" style=\"box-sizing: border-box; border-bottom: 1px dotted #777777; cursor: help;\" title=\"\" data-placement=\"bottom\" data-content=\"&lt;p&gt;Es una hormona del aparato digestivo que tiene la misi\u00f3n de facilitar que la glucosa que circula por la sangre penetre en las c\u00e9lulas y sea aprovechada como energ\u00eda.&lt;\/p&gt;\" data-original-title=\"insulina\">insulina<\/abbr>, en octubre de 1921. Mientras muchos eventos se desarrollan durante o alrededor de ese d\u00eda, la campa\u00f1a se desarrolla a lo largo de todo el a\u00f1o.<\/p>\n<h2>Celebraci\u00f3n a nivel mundial<\/h2>\n<p><b><img decoding=\"async\" class=\"img-rounded aligncenter\" src=\"https:\/\/www.fundaciondiabetes.org\/upload\/contenidos\/328\/EnTodoElMundo1.jpg\" alt=\"\" \/><\/b><\/p>\n<p>El D\u00eda Mundial de la Diabetes re\u00fane a millones de personas en m\u00e1s de 160 pa\u00edses para aumentar la concienciaci\u00f3n sobre la diabetes, incluyendo ni\u00f1os y adultos afectados por la diabetes, profesionales sanitarios, individuos con poder de decisi\u00f3n en materia sanitaria y los medios de comunicaci\u00f3n. Numerosos eventos locales y nacionales son organizados por las asociaciones miembro de la Federaci\u00f3n Internacional de Diabetes y otras organizaciones vinculadas con la diabetes, profesionales sanitarios, autoridades sanitarias e individuos comprometidos con la diabetes. El D\u00eda Mundial de la Diabetes une a la comunidad mundial de la diabetes produciendo una voz potente de concienciaci\u00f3n sobre la diabetes.<\/p>\n<h2>El logotipo del D\u00eda Mundial de la Diabetes<\/h2>\n<p>Es un c\u00edrculo azul &#8211; el s\u00edmbolo mundial de la diabetes que fue creado como parte de la campa\u00f1a de concienciaci\u00f3n \u00abUnidos por la Diabetes\u00bb. El logotipo fue adoptado en 2007 para conmemorar la aprobaci\u00f3n de la Resoluci\u00f3n de Naciones Unidas sobre el D\u00eda Mundial de la Diabetes. El significado del s\u00edmbolo del c\u00edrculo azul es incre\u00edblemente positivo. En muchas culturas, el c\u00edrculo simboliza la vida y la salud. El color azul representa el cielo que une a todas las naciones, y es el color de la bandera de Naciones Unidas. El c\u00edrculo azul simboliza la unidad de la comunidad internacional de la diabetes en respuesta a la pandemia de la diabetes.[\/vc_column_text][\/vc_column][\/vc_row][vc_row ovic_custom_id=\u00bbovic_custom_5fad992b924e1&#8243; css_desktop=\u00bb.vc_custom_1573690046276{margin-top: 20px !important;margin-bottom: 20px !important;}\u00bb][vc_column][vc_column_text ovic_custom_id=\u00bbovic_custom_5fad992b924e3&#8243;]M\u00e1s informaci\u00f3n sobre el D\u00eda Mundial de la Diabetes\u00a0<a href=\"http:\/\/www.idf.org\/worlddiabetesday\" target=\"_blank\" rel=\"noopener noreferrer\">www.idf.org\/worlddiabetesday<\/a>[\/vc_column_text][\/vc_column][\/vc_row][vc_row][vc_column][vc_column_text ovic_custom_id=\u00bbovic_custom_5fad992b924e4&#8243;]<\/p>\n<h2>Promociones para este d\u00eda<\/h2>\n<p>[\/vc_column_text][\/vc_column][\/vc_row][vc_row][vc_column]<div class=\"woocommerce columns-4 \"><ul class=\"products shop-page response-content columns-4 ovic-products style-01\">\n<li data-product_id=\"12187\" class=\"product-item style-01 product type-product post-12187 status-publish first instock product_cat-snack has-post-thumbnail featured taxable shipping-taxable purchasable product-type-simple\">\n    <div class=\"product-inner product-01 product-hover-01 quick-view-01 tooltip-wrap tooltip-top\">\r\n        <div class=\"product-thumb images\">\r\n        <div class=\"product-labels\"><span class=\"featured product-label\"><span class=\"text\">Hot<\/span><\/span><\/div>        <div class=\"thumb-wrapper\" >\n            <a class=\"thumb-link hover- woocommerce-product-gallery__image\"\n               href=\"https:\/\/www.imaportal.co\/ecommerce_imaportal\/product\/achiras-day-250g\/\">\n                <figure class=\"primary-thumb\"><img fetchpriority=\"high\" decoding=\"async\" width=\"600\" height=\"600\" src=\"https:\/\/www.imaportal.co\/ecommerce_imaportal\/wp-content\/uploads\/2023\/12\/Achiras_IMA_250-600x600.png\" class=\"attachment-600x600 size-600x600 wp-post-image\" alt=\"\" \/><\/figure>            <\/a>\n                    <\/div>\n        <a href=\"#\" class=\"button yith-wcqv-button\" data-product_id=\"12187\">Quick View<\/a>    <\/div>\r\n    <div class=\"product-info equal-elem\">\r\n        <span class=\"posted_in\"><span class=\"title\">Category<\/span><span class=\"categories\"> <a href=\"https:\/\/www.imaportal.co\/ecommerce_imaportal\/product-category\/accesorios\/snack\/\" rel=\"tag\">Snack<\/a><\/span><\/span><h2 class=\"product-title\"><a href=\"https:\/\/www.imaportal.co\/ecommerce_imaportal\/product\/achiras-day-250g\/\">ACHIRAS Day 250g<\/a><\/h2>\n\t<span class=\"price\"><span class=\"woocommerce-Price-amount amount\"><bdi><span class=\"woocommerce-Price-currencySymbol\">&#36;<\/span>17,900<\/bdi><\/span><\/span>\n    <\/div>\r\n    <div class=\"group-button style-01\">\r\n                <div class=\"product-excerpt\">\n            Producto saludable, hecho a base de queso y almid\u00f3n de...        <\/div>\n        \n<div\n\tclass=\"yith-wcwl-add-to-wishlist add-to-wishlist-12187 yith-wcwl-add-to-wishlist--link-style wishlist-fragment on-first-load\"\n\tdata-fragment-ref=\"12187\"\n\tdata-fragment-options=\"{&quot;base_url&quot;:&quot;&quot;,&quot;product_id&quot;:12187,&quot;parent_product_id&quot;:0,&quot;product_type&quot;:&quot;simple&quot;,&quot;is_single&quot;:false,&quot;in_default_wishlist&quot;:false,&quot;show_view&quot;:false,&quot;browse_wishlist_text&quot;:&quot;Ver lista de deseos&quot;,&quot;already_in_wishslist_text&quot;:&quot;Producto ya en la lista de deseos!&quot;,&quot;product_added_text&quot;:&quot;Producto a\\u00f1adido!&quot;,&quot;available_multi_wishlist&quot;:false,&quot;disable_wishlist&quot;:false,&quot;show_count&quot;:false,&quot;ajax_loading&quot;:false,&quot;loop_position&quot;:false,&quot;item&quot;:&quot;add_to_wishlist&quot;}\"\n>\n\t\t\t\n\t\t\t<!-- ADD TO WISHLIST -->\n\t\t\t\n<div class=\"yith-wcwl-add-button\">\n\t\t<a\n\t\thref=\"?add_to_wishlist=12187&#038;_wpnonce=2e40da018d\"\n\t\tclass=\"add_to_wishlist single_add_to_wishlist\"\n\t\tdata-product-id=\"12187\"\n\t\tdata-product-type=\"simple\"\n\t\tdata-original-product-id=\"0\"\n\t\tdata-title=\"A\u00f1adir a la lista de deseos\"\n\t\trel=\"nofollow\"\n\t>\n\t\t<svg id=\"yith-wcwl-icon-heart-outline\" class=\"yith-wcwl-icon-svg\" fill=\"none\" stroke-width=\"1.5\" stroke=\"currentColor\" viewBox=\"0 0 24 24\" xmlns=\"http:\/\/www.w3.org\/2000\/svg\">\n  <path stroke-linecap=\"round\" stroke-linejoin=\"round\" d=\"M21 8.25c0-2.485-2.099-4.5-4.688-4.5-1.935 0-3.597 1.126-4.312 2.733-.715-1.607-2.377-2.733-4.313-2.733C5.1 3.75 3 5.765 3 8.25c0 7.22 9 12 9 12s9-4.78 9-12Z\"><\/path>\n<\/svg>\t\t<span>A\u00f1adir a la lista de deseos<\/span>\n\t<\/a>\n<\/div>\n\n\t\t\t<!-- COUNT TEXT -->\n\t\t\t\n\t\t\t<\/div>\n<span class=\"add-to-cart\" data-title=\"A\u00f1adir al carrito\"><a href=\"https:\/\/www.imaportal.co\/ecommerce_imaportal\/wp-json\/wp\/v2\/posts\/3707\/?add-to-cart=12187\" data-quantity=\"1\" class=\"button product_type_simple add_to_cart_button ajax_add_to_cart\" data-product_id=\"12187\" data-product_sku=\"\" aria-label=\"A\u00f1adir al carrito: &ldquo;ACHIRAS Day 250g&rdquo;\" rel=\"nofollow\" data-success_message=\"\u00abACHIRAS Day 250g\u00bb se ha a\u00f1adido a tu carrito\">A\u00f1adir al carrito<\/a><\/span>\t\t\t<input type=\"hidden\" class=\"wpmProductId\" data-id=\"12187\">\n\t\t\t\t\t<script>\n\t\t\t(window.wpmDataLayer = window.wpmDataLayer || {}).products             = window.wpmDataLayer.products || {};\n\t\t\twindow.wpmDataLayer.products[12187] = {\"id\":\"12187\",\"sku\":\"\",\"price\":17900,\"brand\":\"\",\"quantity\":1,\"dyn_r_ids\":{\"post_id\":\"12187\",\"sku\":12187,\"gpf\":\"woocommerce_gpf_12187\",\"gla\":\"gla_12187\"},\"is_variable\":false,\"type\":\"simple\",\"name\":\"ACHIRAS Day 250g\",\"category\":[\"Snack\"],\"is_variation\":false};\n\t\t\t\t\twindow.pmw_product_position = window.pmw_product_position || 1;\n\t\twindow.wpmDataLayer.products[12187]['position'] = window.pmw_product_position++;\n\t\t\t\t<\/script>\n\t\t    <\/div>\r\n<\/div>\r\n<\/li>\n    <\/ul>\n<\/div>[\/vc_column][\/vc_row]<\/p>\n","protected":false},"excerpt":{"rendered":"<p>[vc_row][vc_column][vc_column_text hidden_markup_01=\u00bb\u00bb ovic_custom_id=\u00bbovic_custom_5fad992b924d8&#8243; hidden_markup_desktop=\u00bb\u00bb hidden_markup_laptop=\u00bb\u00bb hidden_markup_tablet=\u00bb\u00bb hidden_markup_ipad=\u00bb\u00bb hidden_markup_mobile=\u00bb\u00bb]Se cre\u00f3 en 1991 como medio para aumentar la concienciaci\u00f3n global sobre la diabetes. Es una oportunidad perfecta para dirigir la atenci\u00f3n del p\u00fablico hacia las causas, s\u00edntomas, complicaciones y tratamiento de esta grave afecci\u00f3n, que se encuentra en constante aumento en todo el mundo.[\/vc_column_text][\/vc_column][\/vc_row][vc_row][vc_column][vc_column_text ovic_custom_id=\u00bbovic_custom_5fad992b924dc\u00bb]Fue instaurado por [&hellip;]<\/p>\n","protected":false},"author":1,"featured_media":6487,"comment_status":"open","ping_status":"open","sticky":false,"template":"","format":"standard","meta":{"_monsterinsights_skip_tracking":false,"_monsterinsights_sitenote_active":false,"_monsterinsights_sitenote_note":"","_monsterinsights_sitenote_category":0,"footnotes":""},"categories":[148,150,146],"tags":[153],"class_list":["post-3707","post","type-post","status-publish","format-standard","has-post-thumbnail","hentry","category-bienestar","category-estilo-de-vida","category-salud","tag-salud"],"aioseo_notices":[],"_links":{"self":[{"href":"https:\/\/www.imaportal.co\/ecommerce_imaportal\/wp-json\/wp\/v2\/posts\/3707","targetHints":{"allow":["GET"]}}],"collection":[{"href":"https:\/\/www.imaportal.co\/ecommerce_imaportal\/wp-json\/wp\/v2\/posts"}],"about":[{"href":"https:\/\/www.imaportal.co\/ecommerce_imaportal\/wp-json\/wp\/v2\/types\/post"}],"author":[{"embeddable":true,"href":"https:\/\/www.imaportal.co\/ecommerce_imaportal\/wp-json\/wp\/v2\/users\/1"}],"replies":[{"embeddable":true,"href":"https:\/\/www.imaportal.co\/ecommerce_imaportal\/wp-json\/wp\/v2\/comments?post=3707"}],"version-history":[{"count":20,"href":"https:\/\/www.imaportal.co\/ecommerce_imaportal\/wp-json\/wp\/v2\/posts\/3707\/revisions"}],"predecessor-version":[{"id":6488,"href":"https:\/\/www.imaportal.co\/ecommerce_imaportal\/wp-json\/wp\/v2\/posts\/3707\/revisions\/6488"}],"wp:featuredmedia":[{"embeddable":true,"href":"https:\/\/www.imaportal.co\/ecommerce_imaportal\/wp-json\/wp\/v2\/media\/6487"}],"wp:attachment":[{"href":"https:\/\/www.imaportal.co\/ecommerce_imaportal\/wp-json\/wp\/v2\/media?parent=3707"}],"wp:term":[{"taxonomy":"category","embeddable":true,"href":"https:\/\/www.imaportal.co\/ecommerce_imaportal\/wp-json\/wp\/v2\/categories?post=3707"},{"taxonomy":"post_tag","embeddable":true,"href":"https:\/\/www.imaportal.co\/ecommerce_imaportal\/wp-json\/wp\/v2\/tags?post=3707"}],"curies":[{"name":"wp","href":"https:\/\/api.w.org\/{rel}","templated":true}]}}